{"id":44039,"date":"2026-09-05T21:46:35","date_gmt":"2026-09-05T21:46:35","guid":{"rendered":"https:\/\/douglascedeno.com\/?p=44039"},"modified":"2026-09-05T21:57:50","modified_gmt":"2026-09-05T21:57:50","slug":"sesion-de-embarazo-en-costa-rica","status":"publish","type":"post","link":"https:\/\/douglascedeno.com\/en\/sesion-de-embarazo-en-costa-rica\/","title":{"rendered":"Sesi\u00f3n de embarazo en Costa Rica"},"content":{"rendered":"<div class=\"wpb-content-wrapper\"><div class=\"clearfix\"><\/div><div class=\"vc_row wpb_row vc_row-fluid\"><div class=\"wpb_column vc_column_container vc_col-sm-12\"><div class=\"vc_column-inner\"><div class=\"wpb_wrapper\">\n\t<div class=\"wpb_text_column wpb_content_element\" >\n\t\t<div class=\"wpb_wrapper\">\n\t\t\t\n\t\t<\/div>\n\t<\/div>\n<\/div><\/div><\/div><\/div><div class=\"clearfix\"><\/div><div  class='monolit_sec monolit_page_sec content'>\n\n \n\n    <section>\n            <div class=\"container\">\n                <div class=\"row\">\n                <div class=\"wpb_column vc_column_container vc_col-sm-12\"><div class=\"vc_column-inner\"><div class=\"wpb_wrapper\"><div class=\"vc_row wpb_row vc_inner vc_row-fluid custom-inner\"><div class=\"wpb_column vc_column_container vc_col-sm-12 vc_col-md-6\"><div class=\"vc_column-inner\"><div class=\"wpb_wrapper\">\n\t<div class=\"wpb_text_column wpb_content_element\" >\n\t\t<div class=\"wpb_wrapper\">\n\t\t\t<h1>Sesi\u00f3n de embarazo en Costa Rica<\/h1>\n<p class=\"wp-block-paragraph\">\n\n\t\t<\/div>\n\t<\/div>\n<\/div><\/div><\/div><div class=\"wpb_column vc_column_container vc_col-sm-12 vc_col-md-6\"><div class=\"vc_column-inner\"><div class=\"wpb_wrapper\"><div class=\"portfolio_nav_wrap content-nav member-content-nav\">\n    <ul>\n            <li class=\"previous\"><a href=\"https:\/\/douglascedeno.com\/en\/sesion-de-mascotas-en-costa-rica\/\" class=\"lef-ar-nav\" title=\"Sesi\u00f3n de Mascotas en Costa Rica\">Previous Project<\/a><\/li>\n            <\/ul>\n<\/div><\/div><\/div><\/div><\/div>    <div class=\"gallery-items three-columns grid-small-pad lightgallery\">\n        <div class=\"grid-sizer\"><\/div>\n                <div class=\"gallery-item\">\n            <div class=\"grid-item-holder\">\n                <div class=\"box-item\">\n                    <a data-src=\"https:\/\/douglascedeno.com\/wp-content\/uploads\/2026\/09\/Sesion-de-embarazo-sesion-fotografica-costa-rica-fotografo-de-embarazos-pictures-11.jpg\" class=\"popup-image\" data-sub-html=\"\">\n                    <span class=\"overlay\"><\/span> \n                    <img decoding=\"async\" width=\"2000\" height=\"1333\" src=\"https:\/\/douglascedeno.com\/wp-content\/uploads\/2026\/09\/Sesion-de-embarazo-sesion-fotografica-costa-rica-fotografo-de-embarazos-pictures-11.jpg\" class=\"respimg\" alt=\"\" srcset=\"https:\/\/douglascedeno.com\/wp-content\/uploads\/2026\/09\/Sesion-de-embarazo-sesion-fotografica-costa-rica-fotografo-de-embarazos-pictures-11.jpg 2000w, https:\/\/douglascedeno.com\/wp-content\/uploads\/2026\/09\/Sesion-de-embarazo-sesion-fotografica-costa-rica-fotografo-de-embarazos-pictures-11-300x200.jpg 300w, https:\/\/douglascedeno.com\/wp-content\/uploads\/2026\/09\/Sesion-de-embarazo-sesion-fotografica-costa-rica-fotografo-de-embarazos-pictures-11-1024x682.jpg 1024w, https:\/\/douglascedeno.com\/wp-content\/uploads\/2026\/09\/Sesion-de-embarazo-sesion-fotografica-costa-rica-fotografo-de-embarazos-pictures-11-768x512.jpg 768w, https:\/\/douglascedeno.com\/wp-content\/uploads\/2026\/09\/Sesion-de-embarazo-sesion-fotografica-costa-rica-fotografo-de-embarazos-pictures-11-1536x1024.jpg 1536w, https:\/\/douglascedeno.com\/wp-content\/uploads\/2026\/09\/Sesion-de-embarazo-sesion-fotografica-costa-rica-fotografo-de-embarazos-pictures-11-18x12.jpg 18w\" sizes=\"(max-width: 2000px) 100vw, 2000px\" \/>                    <\/a>\n                <\/div>\n            <\/div>\n        <\/div>\n                <div class=\"gallery-item\">\n            <div class=\"grid-item-holder\">\n                <div class=\"box-item\">\n                    <a data-src=\"https:\/\/douglascedeno.com\/wp-content\/uploads\/2026\/09\/Sesion-de-embarazo-sesion-fotografica-costa-rica-fotografo-de-embarazos-pictures-10.jpg\" class=\"popup-image\" data-sub-html=\"\">\n                    <span class=\"overlay\"><\/span> \n                    <img decoding=\"async\" width=\"2000\" height=\"1333\" src=\"https:\/\/douglascedeno.com\/wp-content\/uploads\/2026\/09\/Sesion-de-embarazo-sesion-fotografica-costa-rica-fotografo-de-embarazos-pictures-10.jpg\" class=\"respimg\" alt=\"\" srcset=\"https:\/\/douglascedeno.com\/wp-content\/uploads\/2026\/09\/Sesion-de-embarazo-sesion-fotografica-costa-rica-fotografo-de-embarazos-pictures-10.jpg 2000w, https:\/\/douglascedeno.com\/wp-content\/uploads\/2026\/09\/Sesion-de-embarazo-sesion-fotografica-costa-rica-fotografo-de-embarazos-pictures-10-300x200.jpg 300w, https:\/\/douglascedeno.com\/wp-content\/uploads\/2026\/09\/Sesion-de-embarazo-sesion-fotografica-costa-rica-fotografo-de-embarazos-pictures-10-1024x682.jpg 1024w, https:\/\/douglascedeno.com\/wp-content\/uploads\/2026\/09\/Sesion-de-embarazo-sesion-fotografica-costa-rica-fotografo-de-embarazos-pictures-10-768x512.jpg 768w, https:\/\/douglascedeno.com\/wp-content\/uploads\/2026\/09\/Sesion-de-embarazo-sesion-fotografica-costa-rica-fotografo-de-embarazos-pictures-10-1536x1024.jpg 1536w, https:\/\/douglascedeno.com\/wp-content\/uploads\/2026\/09\/Sesion-de-embarazo-sesion-fotografica-costa-rica-fotografo-de-embarazos-pictures-10-18x12.jpg 18w\" sizes=\"(max-width: 2000px) 100vw, 2000px\" \/>                    <\/a>\n                <\/div>\n            <\/div>\n        <\/div>\n                <div class=\"gallery-item\">\n            <div class=\"grid-item-holder\">\n                <div class=\"box-item\">\n                    <a data-src=\"https:\/\/douglascedeno.com\/wp-content\/uploads\/2026\/09\/Sesion-de-embarazo-sesion-fotografica-costa-rica-fotografo-de-embarazos-pictures-9.jpg\" class=\"popup-image\" data-sub-html=\"\">\n                    <span class=\"overlay\"><\/span> \n                    <img decoding=\"async\" width=\"2000\" height=\"1333\" src=\"https:\/\/douglascedeno.com\/wp-content\/uploads\/2026\/09\/Sesion-de-embarazo-sesion-fotografica-costa-rica-fotografo-de-embarazos-pictures-9.jpg\" class=\"respimg\" alt=\"\" srcset=\"https:\/\/douglascedeno.com\/wp-content\/uploads\/2026\/09\/Sesion-de-embarazo-sesion-fotografica-costa-rica-fotografo-de-embarazos-pictures-9.jpg 2000w, https:\/\/douglascedeno.com\/wp-content\/uploads\/2026\/09\/Sesion-de-embarazo-sesion-fotografica-costa-rica-fotografo-de-embarazos-pictures-9-300x200.jpg 300w, https:\/\/douglascedeno.com\/wp-content\/uploads\/2026\/09\/Sesion-de-embarazo-sesion-fotografica-costa-rica-fotografo-de-embarazos-pictures-9-1024x682.jpg 1024w, https:\/\/douglascedeno.com\/wp-content\/uploads\/2026\/09\/Sesion-de-embarazo-sesion-fotografica-costa-rica-fotografo-de-embarazos-pictures-9-768x512.jpg 768w, https:\/\/douglascedeno.com\/wp-content\/uploads\/2026\/09\/Sesion-de-embarazo-sesion-fotografica-costa-rica-fotografo-de-embarazos-pictures-9-1536x1024.jpg 1536w, https:\/\/douglascedeno.com\/wp-content\/uploads\/2026\/09\/Sesion-de-embarazo-sesion-fotografica-costa-rica-fotografo-de-embarazos-pictures-9-18x12.jpg 18w\" sizes=\"(max-width: 2000px) 100vw, 2000px\" \/>                    <\/a>\n                <\/div>\n            <\/div>\n        <\/div>\n                <div class=\"gallery-item\">\n            <div class=\"grid-item-holder\">\n                <div class=\"box-item\">\n                    <a data-src=\"https:\/\/douglascedeno.com\/wp-content\/uploads\/2026\/09\/Sesion-de-embarazo-sesion-fotografica-costa-rica-fotografo-de-embarazos-pictures-8.jpg\" class=\"popup-image\" data-sub-html=\"\">\n                    <span class=\"overlay\"><\/span> \n                    <img decoding=\"async\" width=\"2000\" height=\"1333\" src=\"https:\/\/douglascedeno.com\/wp-content\/uploads\/2026\/09\/Sesion-de-embarazo-sesion-fotografica-costa-rica-fotografo-de-embarazos-pictures-8.jpg\" class=\"respimg\" alt=\"\" srcset=\"https:\/\/douglascedeno.com\/wp-content\/uploads\/2026\/09\/Sesion-de-embarazo-sesion-fotografica-costa-rica-fotografo-de-embarazos-pictures-8.jpg 2000w, https:\/\/douglascedeno.com\/wp-content\/uploads\/2026\/09\/Sesion-de-embarazo-sesion-fotografica-costa-rica-fotografo-de-embarazos-pictures-8-300x200.jpg 300w, https:\/\/douglascedeno.com\/wp-content\/uploads\/2026\/09\/Sesion-de-embarazo-sesion-fotografica-costa-rica-fotografo-de-embarazos-pictures-8-1024x682.jpg 1024w, https:\/\/douglascedeno.com\/wp-content\/uploads\/2026\/09\/Sesion-de-embarazo-sesion-fotografica-costa-rica-fotografo-de-embarazos-pictures-8-768x512.jpg 768w, https:\/\/douglascedeno.com\/wp-content\/uploads\/2026\/09\/Sesion-de-embarazo-sesion-fotografica-costa-rica-fotografo-de-embarazos-pictures-8-1536x1024.jpg 1536w, https:\/\/douglascedeno.com\/wp-content\/uploads\/2026\/09\/Sesion-de-embarazo-sesion-fotografica-costa-rica-fotografo-de-embarazos-pictures-8-18x12.jpg 18w\" sizes=\"(max-width: 2000px) 100vw, 2000px\" \/>                    <\/a>\n                <\/div>\n            <\/div>\n        <\/div>\n                <div class=\"gallery-item\">\n            <div class=\"grid-item-holder\">\n                <div class=\"box-item\">\n                    <a data-src=\"https:\/\/douglascedeno.com\/wp-content\/uploads\/2026\/09\/Sesion-de-embarazo-sesion-fotografica-costa-rica-fotografo-de-embarazos-pictures-7.jpg\" class=\"popup-image\" data-sub-html=\"\">\n                    <span class=\"overlay\"><\/span> \n                    <img decoding=\"async\" width=\"2000\" height=\"1333\" src=\"https:\/\/douglascedeno.com\/wp-content\/uploads\/2026\/09\/Sesion-de-embarazo-sesion-fotografica-costa-rica-fotografo-de-embarazos-pictures-7.jpg\" class=\"respimg\" alt=\"\" srcset=\"https:\/\/douglascedeno.com\/wp-content\/uploads\/2026\/09\/Sesion-de-embarazo-sesion-fotografica-costa-rica-fotografo-de-embarazos-pictures-7.jpg 2000w, https:\/\/douglascedeno.com\/wp-content\/uploads\/2026\/09\/Sesion-de-embarazo-sesion-fotografica-costa-rica-fotografo-de-embarazos-pictures-7-300x200.jpg 300w, https:\/\/douglascedeno.com\/wp-content\/uploads\/2026\/09\/Sesion-de-embarazo-sesion-fotografica-costa-rica-fotografo-de-embarazos-pictures-7-1024x682.jpg 1024w, https:\/\/douglascedeno.com\/wp-content\/uploads\/2026\/09\/Sesion-de-embarazo-sesion-fotografica-costa-rica-fotografo-de-embarazos-pictures-7-768x512.jpg 768w, https:\/\/douglascedeno.com\/wp-content\/uploads\/2026\/09\/Sesion-de-embarazo-sesion-fotografica-costa-rica-fotografo-de-embarazos-pictures-7-1536x1024.jpg 1536w, https:\/\/douglascedeno.com\/wp-content\/uploads\/2026\/09\/Sesion-de-embarazo-sesion-fotografica-costa-rica-fotografo-de-embarazos-pictures-7-18x12.jpg 18w\" sizes=\"(max-width: 2000px) 100vw, 2000px\" \/>                    <\/a>\n                <\/div>\n            <\/div>\n        <\/div>\n                <div class=\"gallery-item\">\n            <div class=\"grid-item-holder\">\n                <div class=\"box-item\">\n                    <a data-src=\"https:\/\/douglascedeno.com\/wp-content\/uploads\/2026\/09\/Sesion-de-embarazo-sesion-fotografica-costa-rica-fotografo-de-embarazos-pictures-6.jpg\" class=\"popup-image\" data-sub-html=\"\">\n                    <span class=\"overlay\"><\/span> \n                    <img decoding=\"async\" width=\"2000\" height=\"1333\" src=\"https:\/\/douglascedeno.com\/wp-content\/uploads\/2026\/09\/Sesion-de-embarazo-sesion-fotografica-costa-rica-fotografo-de-embarazos-pictures-6.jpg\" class=\"respimg\" alt=\"\" srcset=\"https:\/\/douglascedeno.com\/wp-content\/uploads\/2026\/09\/Sesion-de-embarazo-sesion-fotografica-costa-rica-fotografo-de-embarazos-pictures-6.jpg 2000w, https:\/\/douglascedeno.com\/wp-content\/uploads\/2026\/09\/Sesion-de-embarazo-sesion-fotografica-costa-rica-fotografo-de-embarazos-pictures-6-300x200.jpg 300w, https:\/\/douglascedeno.com\/wp-content\/uploads\/2026\/09\/Sesion-de-embarazo-sesion-fotografica-costa-rica-fotografo-de-embarazos-pictures-6-1024x682.jpg 1024w, https:\/\/douglascedeno.com\/wp-content\/uploads\/2026\/09\/Sesion-de-embarazo-sesion-fotografica-costa-rica-fotografo-de-embarazos-pictures-6-768x512.jpg 768w, https:\/\/douglascedeno.com\/wp-content\/uploads\/2026\/09\/Sesion-de-embarazo-sesion-fotografica-costa-rica-fotografo-de-embarazos-pictures-6-1536x1024.jpg 1536w, https:\/\/douglascedeno.com\/wp-content\/uploads\/2026\/09\/Sesion-de-embarazo-sesion-fotografica-costa-rica-fotografo-de-embarazos-pictures-6-18x12.jpg 18w\" sizes=\"(max-width: 2000px) 100vw, 2000px\" \/>                    <\/a>\n                <\/div>\n            <\/div>\n        <\/div>\n                <div class=\"gallery-item\">\n            <div class=\"grid-item-holder\">\n                <div class=\"box-item\">\n                    <a data-src=\"https:\/\/douglascedeno.com\/wp-content\/uploads\/2026\/09\/Sesion-de-embarazo-sesion-fotografica-costa-rica-fotografo-de-embarazos-pictures-5.jpg\" class=\"popup-image\" data-sub-html=\"\">\n                    <span class=\"overlay\"><\/span> \n                    <img decoding=\"async\" width=\"2000\" height=\"1333\" src=\"https:\/\/douglascedeno.com\/wp-content\/uploads\/2026\/09\/Sesion-de-embarazo-sesion-fotografica-costa-rica-fotografo-de-embarazos-pictures-5.jpg\" class=\"respimg\" alt=\"\" srcset=\"https:\/\/douglascedeno.com\/wp-content\/uploads\/2026\/09\/Sesion-de-embarazo-sesion-fotografica-costa-rica-fotografo-de-embarazos-pictures-5.jpg 2000w, https:\/\/douglascedeno.com\/wp-content\/uploads\/2026\/09\/Sesion-de-embarazo-sesion-fotografica-costa-rica-fotografo-de-embarazos-pictures-5-300x200.jpg 300w, https:\/\/douglascedeno.com\/wp-content\/uploads\/2026\/09\/Sesion-de-embarazo-sesion-fotografica-costa-rica-fotografo-de-embarazos-pictures-5-1024x682.jpg 1024w, https:\/\/douglascedeno.com\/wp-content\/uploads\/2026\/09\/Sesion-de-embarazo-sesion-fotografica-costa-rica-fotografo-de-embarazos-pictures-5-768x512.jpg 768w, https:\/\/douglascedeno.com\/wp-content\/uploads\/2026\/09\/Sesion-de-embarazo-sesion-fotografica-costa-rica-fotografo-de-embarazos-pictures-5-1536x1024.jpg 1536w, https:\/\/douglascedeno.com\/wp-content\/uploads\/2026\/09\/Sesion-de-embarazo-sesion-fotografica-costa-rica-fotografo-de-embarazos-pictures-5-18x12.jpg 18w\" sizes=\"(max-width: 2000px) 100vw, 2000px\" \/>                    <\/a>\n                <\/div>\n            <\/div>\n        <\/div>\n                <div class=\"gallery-item\">\n            <div class=\"grid-item-holder\">\n                <div class=\"box-item\">\n                    <a data-src=\"https:\/\/douglascedeno.com\/wp-content\/uploads\/2026\/09\/Sesion-de-embarazo-sesion-fotografica-costa-rica-fotografo-de-embarazos-pictures-4.jpg\" class=\"popup-image\" data-sub-html=\"\">\n                    <span class=\"overlay\"><\/span> \n                    <img decoding=\"async\" width=\"2000\" height=\"1333\" src=\"https:\/\/douglascedeno.com\/wp-content\/uploads\/2026\/09\/Sesion-de-embarazo-sesion-fotografica-costa-rica-fotografo-de-embarazos-pictures-4.jpg\" class=\"respimg\" alt=\"\" srcset=\"https:\/\/douglascedeno.com\/wp-content\/uploads\/2026\/09\/Sesion-de-embarazo-sesion-fotografica-costa-rica-fotografo-de-embarazos-pictures-4.jpg 2000w, https:\/\/douglascedeno.com\/wp-content\/uploads\/2026\/09\/Sesion-de-embarazo-sesion-fotografica-costa-rica-fotografo-de-embarazos-pictures-4-300x200.jpg 300w, https:\/\/douglascedeno.com\/wp-content\/uploads\/2026\/09\/Sesion-de-embarazo-sesion-fotografica-costa-rica-fotografo-de-embarazos-pictures-4-1024x682.jpg 1024w, https:\/\/douglascedeno.com\/wp-content\/uploads\/2026\/09\/Sesion-de-embarazo-sesion-fotografica-costa-rica-fotografo-de-embarazos-pictures-4-768x512.jpg 768w, https:\/\/douglascedeno.com\/wp-content\/uploads\/2026\/09\/Sesion-de-embarazo-sesion-fotografica-costa-rica-fotografo-de-embarazos-pictures-4-1536x1024.jpg 1536w, https:\/\/douglascedeno.com\/wp-content\/uploads\/2026\/09\/Sesion-de-embarazo-sesion-fotografica-costa-rica-fotografo-de-embarazos-pictures-4-18x12.jpg 18w\" sizes=\"(max-width: 2000px) 100vw, 2000px\" \/>                    <\/a>\n                <\/div>\n            <\/div>\n        <\/div>\n                <div class=\"gallery-item\">\n            <div class=\"grid-item-holder\">\n                <div class=\"box-item\">\n                    <a data-src=\"https:\/\/douglascedeno.com\/wp-content\/uploads\/2026\/09\/Sesion-de-embarazo-sesion-fotografica-costa-rica-fotografo-de-embarazos-pictures-3.jpg\" class=\"popup-image\" data-sub-html=\"\">\n                    <span class=\"overlay\"><\/span> \n                    <img decoding=\"async\" width=\"2000\" height=\"1333\" src=\"https:\/\/douglascedeno.com\/wp-content\/uploads\/2026\/09\/Sesion-de-embarazo-sesion-fotografica-costa-rica-fotografo-de-embarazos-pictures-3.jpg\" class=\"respimg\" alt=\"\" srcset=\"https:\/\/douglascedeno.com\/wp-content\/uploads\/2026\/09\/Sesion-de-embarazo-sesion-fotografica-costa-rica-fotografo-de-embarazos-pictures-3.jpg 2000w, https:\/\/douglascedeno.com\/wp-content\/uploads\/2026\/09\/Sesion-de-embarazo-sesion-fotografica-costa-rica-fotografo-de-embarazos-pictures-3-300x200.jpg 300w, https:\/\/douglascedeno.com\/wp-content\/uploads\/2026\/09\/Sesion-de-embarazo-sesion-fotografica-costa-rica-fotografo-de-embarazos-pictures-3-1024x682.jpg 1024w, https:\/\/douglascedeno.com\/wp-content\/uploads\/2026\/09\/Sesion-de-embarazo-sesion-fotografica-costa-rica-fotografo-de-embarazos-pictures-3-768x512.jpg 768w, https:\/\/douglascedeno.com\/wp-content\/uploads\/2026\/09\/Sesion-de-embarazo-sesion-fotografica-costa-rica-fotografo-de-embarazos-pictures-3-1536x1024.jpg 1536w, https:\/\/douglascedeno.com\/wp-content\/uploads\/2026\/09\/Sesion-de-embarazo-sesion-fotografica-costa-rica-fotografo-de-embarazos-pictures-3-18x12.jpg 18w\" sizes=\"(max-width: 2000px) 100vw, 2000px\" \/>                    <\/a>\n                <\/div>\n            <\/div>\n        <\/div>\n                <div class=\"gallery-item\">\n            <div class=\"grid-item-holder\">\n                <div class=\"box-item\">\n                    <a data-src=\"https:\/\/douglascedeno.com\/wp-content\/uploads\/2026\/09\/Sesion-de-embarazo-sesion-fotografica-costa-rica-fotografo-de-embarazos-pictures-2.jpg\" class=\"popup-image\" data-sub-html=\"\">\n                    <span class=\"overlay\"><\/span> \n                    <img decoding=\"async\" width=\"2000\" height=\"1333\" src=\"https:\/\/douglascedeno.com\/wp-content\/uploads\/2026\/09\/Sesion-de-embarazo-sesion-fotografica-costa-rica-fotografo-de-embarazos-pictures-2.jpg\" class=\"respimg\" alt=\"\" srcset=\"https:\/\/douglascedeno.com\/wp-content\/uploads\/2026\/09\/Sesion-de-embarazo-sesion-fotografica-costa-rica-fotografo-de-embarazos-pictures-2.jpg 2000w, https:\/\/douglascedeno.com\/wp-content\/uploads\/2026\/09\/Sesion-de-embarazo-sesion-fotografica-costa-rica-fotografo-de-embarazos-pictures-2-300x200.jpg 300w, https:\/\/douglascedeno.com\/wp-content\/uploads\/2026\/09\/Sesion-de-embarazo-sesion-fotografica-costa-rica-fotografo-de-embarazos-pictures-2-1024x682.jpg 1024w, https:\/\/douglascedeno.com\/wp-content\/uploads\/2026\/09\/Sesion-de-embarazo-sesion-fotografica-costa-rica-fotografo-de-embarazos-pictures-2-768x512.jpg 768w, https:\/\/douglascedeno.com\/wp-content\/uploads\/2026\/09\/Sesion-de-embarazo-sesion-fotografica-costa-rica-fotografo-de-embarazos-pictures-2-1536x1024.jpg 1536w, https:\/\/douglascedeno.com\/wp-content\/uploads\/2026\/09\/Sesion-de-embarazo-sesion-fotografica-costa-rica-fotografo-de-embarazos-pictures-2-18x12.jpg 18w\" sizes=\"(max-width: 2000px) 100vw, 2000px\" \/>                    <\/a>\n                <\/div>\n            <\/div>\n        <\/div>\n                <div class=\"gallery-item\">\n            <div class=\"grid-item-holder\">\n                <div class=\"box-item\">\n                    <a data-src=\"https:\/\/douglascedeno.com\/wp-content\/uploads\/2026\/09\/Sesion-de-embarazo-sesion-fotografica-costa-rica-fotografo-de-embarazos-pictures-1.jpg\" class=\"popup-image\" data-sub-html=\"\">\n                    <span class=\"overlay\"><\/span> \n                    <img decoding=\"async\" width=\"2000\" height=\"1333\" src=\"https:\/\/douglascedeno.com\/wp-content\/uploads\/2026\/09\/Sesion-de-embarazo-sesion-fotografica-costa-rica-fotografo-de-embarazos-pictures-1.jpg\" class=\"respimg\" alt=\"\" srcset=\"https:\/\/douglascedeno.com\/wp-content\/uploads\/2026\/09\/Sesion-de-embarazo-sesion-fotografica-costa-rica-fotografo-de-embarazos-pictures-1.jpg 2000w, https:\/\/douglascedeno.com\/wp-content\/uploads\/2026\/09\/Sesion-de-embarazo-sesion-fotografica-costa-rica-fotografo-de-embarazos-pictures-1-300x200.jpg 300w, https:\/\/douglascedeno.com\/wp-content\/uploads\/2026\/09\/Sesion-de-embarazo-sesion-fotografica-costa-rica-fotografo-de-embarazos-pictures-1-1024x682.jpg 1024w, https:\/\/douglascedeno.com\/wp-content\/uploads\/2026\/09\/Sesion-de-embarazo-sesion-fotografica-costa-rica-fotografo-de-embarazos-pictures-1-768x512.jpg 768w, https:\/\/douglascedeno.com\/wp-content\/uploads\/2026\/09\/Sesion-de-embarazo-sesion-fotografica-costa-rica-fotografo-de-embarazos-pictures-1-1536x1024.jpg 1536w, https:\/\/douglascedeno.com\/wp-content\/uploads\/2026\/09\/Sesion-de-embarazo-sesion-fotografica-costa-rica-fotografo-de-embarazos-pictures-1-18x12.jpg 18w\" sizes=\"(max-width: 2000px) 100vw, 2000px\" \/>                    <\/a>\n                <\/div>\n            <\/div>\n        <\/div>\n        \n        \n    <\/div>\n\n    \n\t<div class=\"wpb_text_column wpb_content_element\" >\n\t\t<div class=\"wpb_wrapper\">\n\t\t\t<p>Sesi\u00f3n de embarazo en Costa Rica<\/p>\n<p class=\"isSelectedEnd\">Hoy queremos compartirles una <strong>sesi\u00f3n de embarazo en Costa Rica<\/strong> que nos llena de emoci\u00f3n. Fue una de esas sesiones fotogr\u00e1ficas que disfrutamos much\u00edsimo desde el primer momento y cuyo resultado nos tiene especialmente felices.<\/p>\n<p class=\"isSelectedEnd\">Para esta sesi\u00f3n de fotos elegimos <strong>Ranchos de Saman\u00e1<\/strong>, un lugar precioso ubicado en las monta\u00f1as de <strong>Coronado, Costa Rica<\/strong>. Su entorno natural, las monta\u00f1as y la tranquilidad del lugar crean un escenario espectacular para realizar fotograf\u00edas de embarazo y sesiones familiares.<\/p>\n<h2>Fotograf\u00eda de embarazo en Costa Rica<\/h2>\n<p class=\"isSelectedEnd\">Las <strong>sesiones de embarazo<\/strong> son una manera muy especial de recordar una de las etapas m\u00e1s importantes en la vida de una familia. Nuestro objetivo es crear fotograf\u00edas naturales, elegantes y emotivas, buscando que cada imagen refleje la personalidad y la conexi\u00f3n de quienes participan en la sesi\u00f3n.<\/p>\n<p class=\"isSelectedEnd\">En esta ocasi\u00f3n tuvimos la oportunidad de aprovechar un hermoso <strong>atardecer en las monta\u00f1as de Coronado<\/strong>, una luz que nos ayud\u00f3 much\u00edsimo a conseguir fotograf\u00edas c\u00e1lidas y naturales.<\/p>\n<p class=\"isSelectedEnd\">Nos encanta trabajar con la luz disponible y aprovechar los espacios naturales para crear im\u00e1genes que se sientan aut\u00e9nticas y que puedan convertirse en recuerdos para toda la vida.<\/p>\n<h2>Sesiones fotogr\u00e1ficas en Costa Rica<\/h2>\n<p class=\"isSelectedEnd\">Realizamos diferentes tipos de <strong>sesiones fotogr\u00e1ficas en Costa Rica<\/strong>, incluyendo sesiones de embarazo, sesiones familiares, parejas, mascotas y otros momentos importantes.<\/p>\n<p class=\"isSelectedEnd\">Para nosotros, una sesi\u00f3n de fotos no tiene que sentirse r\u00edgida o demasiado posada. Buscamos que las personas puedan disfrutar el momento mientras nosotros nos encargamos de capturar las fotograf\u00edas.<\/p>\n<p class=\"isSelectedEnd\"><strong>Costa Rica tiene lugares incre\u00edbles para realizar sesiones de fotos<\/strong>, desde playas y bosques hasta monta\u00f1as y espacios privados como Ranchos de Saman\u00e1.<\/p>\n<h2>Sesiones de embarazo y mascotas<\/h2>\n<p class=\"isSelectedEnd\">Algo que nos encanta de este lugar es que adem\u00e1s es <strong>pet friendly<\/strong>, por lo que pueden traer a sus mascotas para que tambi\u00e9n sean parte de la sesi\u00f3n.<\/p>\n<p class=\"isSelectedEnd\">Sabemos que para muchas familias sus perros y gatos son parte fundamental de sus vidas, por lo que incluirlos en una sesi\u00f3n de embarazo puede hacer que las fotograf\u00edas sean todav\u00eda m\u00e1s especiales.<\/p>\n<p class=\"isSelectedEnd\">Despu\u00e9s de la sesi\u00f3n tambi\u00e9n pueden quedarse disfrutando del lugar, ver las fotograf\u00edas y tomarse un chocolate en el restaurante. Sin duda, es una experiencia que recomendamos much\u00edsimo.<\/p>\n<h2>\u00bfBuscas una sesi\u00f3n de <a href=\"http:\/\/douglascedeno.com\/en\/sesiones-de-embarazo-costa-rica-2\/\">embarazo<\/a> en Costa Rica?<\/h2>\n<p class=\"isSelectedEnd\">Si est\u00e1s buscando un fot\u00f3grafo para realizar una <strong>sesi\u00f3n de embarazo en Costa Rica<\/strong>, estaremos encantados de ayudarte a crear fotograf\u00edas que documenten esta etapa tan importante.<\/p>\n<p class=\"isSelectedEnd\">Te recomendamos <strong>reservar tu sesi\u00f3n con tiempo<\/strong>, especialmente si tienes una fecha espec\u00edfica o quieres realizar las fotograf\u00edas durante el atardecer.<\/p>\n<p class=\"isSelectedEnd\">Estamos ac\u00e1 para servirles y para crear juntos una sesi\u00f3n de fotos que puedan recordar durante muchos a\u00f1os.<\/p>\n<p><strong><a href=\"https:\/\/douglascedenofotografia.info\/contacto\/\">Cont\u00e1ctanos<\/a> para cotizar tu sesi\u00f3n de embarazo, sesi\u00f3n familiar o cualquier otro tipo de sesi\u00f3n fotogr\u00e1fica en Costa Rica.<\/strong><\/p>\n\n\t\t<\/div>\n\t<\/div>\n<\/div><\/div><\/div>            <\/div>\n        <\/div>\n    <\/section>\n<\/div>\n\n<div class=\"clearfix\"><\/div><div class=\"vc_row wpb_row vc_row-fluid\"><div class=\"wpb_column vc_column_container vc_col-sm-12\"><div class=\"vc_column-inner\"><div class=\"wpb_wrapper\"><\/div><\/div><\/div><\/div><div class=\"clearfix\"><\/div><div class=\"clearfix\"><\/div><div class=\"vc_row wpb_row vc_row-fluid\"><div class=\"wpb_column vc_column_container vc_col-sm-12\"><div class=\"vc_column-inner\"><div class=\"wpb_wrapper\">\n\t<div class=\"wpb_text_column wpb_content_element\" >\n\t\t<div class=\"wpb_wrapper\">\n\t\t\t\n\t\t<\/div>\n\t<\/div>\n<\/div><\/div><\/div><\/div><div class=\"clearfix\"><\/div><\/div>","protected":false},"excerpt":{"rendered":"Sesi\u00f3n de embarazo en Costa Rica Previous Project Sesi\u00f3n de embarazo en Costa Rica Hoy queremos compartirles una sesi\u00f3n de embarazo en Costa Rica que nos llena de emoci\u00f3n. Fue una de esas sesiones fotogr\u00e1ficas que disfrutamos much\u00edsimo desde el primer momento y cuyo resultado nos tiene especialmente felices. Para esta sesi\u00f3n de fotos elegimos [...]","protected":false},"author":1,"featured_media":44061,"comment_status":"open","ping_status":"open","sticky":false,"template":"redux-templates_full_width","format":"standard","meta":{"footnotes":""},"categories":[232,40,1],"tags":[59,85,233,234],"class_list":["post-44039","post","type-post","status-publish","format-standard","has-post-thumbnail","hentry","category-sesiones-de-embarazo","category-familiares","category-uncategorized","tag-costa-rica","tag-fotografo-de-embarazos","tag-sesion-de-embarazo","tag-sesion-fotografica"],"yoast_head":"<!-- This site is optimized with the Yoast SEO plugin v28.4 - https:\/\/yoast.com\/product\/yoast-seo-wordpress\/ -->\n<title>Sesi\u00f3n de Embarazo en Costa Rica<\/title>\n<meta name=\"description\" content=\"Sesi\u00f3n de embarazo en Costa Rica realizada en las monta\u00f1as de Coronado. Fotograf\u00eda natural, atardeceres, mascotas y sesiones de fotos en lugares especiales.\" \/>\n<meta name=\"robots\" content=\"index, follow, max-snippet:-1, max-image-preview:large, max-video-preview:-1\" \/>\n<link rel=\"canonical\" href=\"https:\/\/douglascedeno.com\/en\/sesion-de-embarazo-en-costa-rica\/\" \/>\n<meta property=\"og:locale\" content=\"en_US\" \/>\n<meta property=\"og:type\" content=\"article\" \/>\n<meta property=\"og:title\" content=\"Sesi\u00f3n de Embarazo en Costa Rica\" \/>\n<meta property=\"og:description\" content=\"Sesi\u00f3n de embarazo en Costa Rica realizada en las monta\u00f1as de Coronado. Fotograf\u00eda natural, atardeceres, mascotas y sesiones de fotos en lugares especiales.\" \/>\n<meta property=\"og:url\" content=\"https:\/\/douglascedeno.com\/en\/sesion-de-embarazo-en-costa-rica\/\" \/>\n<meta property=\"og:site_name\" content=\"Fot\u00f3grafo de bodas Costa Rica\" \/>\n<meta property=\"article:published_time\" content=\"2026-09-05T21:46:35+00:00\" \/>\n<meta property=\"article:modified_time\" content=\"2026-09-05T21:57:50+00:00\" \/>\n<meta property=\"og:image\" content=\"https:\/\/douglascedeno.com\/wp-content\/uploads\/2026\/09\/Sesion-de-embarazo-sesion-fotografica-costa-rica-fotografo-de-embarazos-pictures-2.jpg\" \/>\n\t<meta property=\"og:image:width\" content=\"2000\" \/>\n\t<meta property=\"og:image:height\" content=\"1333\" \/>\n\t<meta property=\"og:image:type\" content=\"image\/jpeg\" \/>\n<meta name=\"author\" content=\"admin\" \/>\n<meta name=\"twitter:card\" content=\"summary_large_image\" \/>\n<meta name=\"twitter:label1\" content=\"Written by\" \/>\n\t<meta name=\"twitter:data1\" content=\"admin\" \/>\n\t<meta name=\"twitter:label2\" content=\"Est. reading time\" \/>\n\t<meta name=\"twitter:data2\" content=\"3 minutes\" \/>\n<script type=\"application\/ld+json\" class=\"yoast-schema-graph\">{\"@context\":\"https:\\\/\\\/schema.org\",\"@graph\":[{\"@type\":\"Article\",\"@id\":\"https:\\\/\\\/douglascedeno.com\\\/sesion-de-embarazo-en-costa-rica\\\/#article\",\"isPartOf\":{\"@id\":\"https:\\\/\\\/douglascedeno.com\\\/sesion-de-embarazo-en-costa-rica\\\/\"},\"author\":{\"name\":\"admin\",\"@id\":\"https:\\\/\\\/douglascedeno.com\\\/#\\\/schema\\\/person\\\/f42d3725995ff0dad5ad148f84ae0e3b\"},\"headline\":\"Sesi\u00f3n de embarazo en Costa Rica\",\"datePublished\":\"2026-09-05T21:46:35+00:00\",\"dateModified\":\"2026-09-05T21:57:50+00:00\",\"mainEntityOfPage\":{\"@id\":\"https:\\\/\\\/douglascedeno.com\\\/sesion-de-embarazo-en-costa-rica\\\/\"},\"wordCount\":627,\"commentCount\":0,\"image\":{\"@id\":\"https:\\\/\\\/douglascedeno.com\\\/sesion-de-embarazo-en-costa-rica\\\/#primaryimage\"},\"thumbnailUrl\":\"https:\\\/\\\/douglascedeno.com\\\/wp-content\\\/uploads\\\/2026\\\/09\\\/Sesion-de-embarazo-sesion-fotografica-costa-rica-fotografo-de-embarazos-pictures-2.jpg\",\"keywords\":[\"costa rica\",\"fot\u00f3grafo de embarazos\",\"Sesion de embarazo\",\"sesion fotografica\"],\"articleSection\":[\"sesiones de embarazo\",\"Sesiones familiares\"],\"inLanguage\":\"en-US\",\"potentialAction\":[{\"@type\":\"CommentAction\",\"name\":\"Comment\",\"target\":[\"https:\\\/\\\/douglascedeno.com\\\/sesion-de-embarazo-en-costa-rica\\\/#respond\"]}]},{\"@type\":\"WebPage\",\"@id\":\"https:\\\/\\\/douglascedeno.com\\\/sesion-de-embarazo-en-costa-rica\\\/\",\"url\":\"https:\\\/\\\/douglascedeno.com\\\/sesion-de-embarazo-en-costa-rica\\\/\",\"name\":\"Sesi\u00f3n de Embarazo en Costa Rica\",\"isPartOf\":{\"@id\":\"https:\\\/\\\/douglascedeno.com\\\/#website\"},\"primaryImageOfPage\":{\"@id\":\"https:\\\/\\\/douglascedeno.com\\\/sesion-de-embarazo-en-costa-rica\\\/#primaryimage\"},\"image\":{\"@id\":\"https:\\\/\\\/douglascedeno.com\\\/sesion-de-embarazo-en-costa-rica\\\/#primaryimage\"},\"thumbnailUrl\":\"https:\\\/\\\/douglascedeno.com\\\/wp-content\\\/uploads\\\/2026\\\/09\\\/Sesion-de-embarazo-sesion-fotografica-costa-rica-fotografo-de-embarazos-pictures-2.jpg\",\"datePublished\":\"2026-09-05T21:46:35+00:00\",\"dateModified\":\"2026-09-05T21:57:50+00:00\",\"author\":{\"@id\":\"https:\\\/\\\/douglascedeno.com\\\/#\\\/schema\\\/person\\\/f42d3725995ff0dad5ad148f84ae0e3b\"},\"description\":\"Sesi\u00f3n de embarazo en Costa Rica realizada en las monta\u00f1as de Coronado. Fotograf\u00eda natural, atardeceres, mascotas y sesiones de fotos en lugares especiales.\",\"breadcrumb\":{\"@id\":\"https:\\\/\\\/douglascedeno.com\\\/sesion-de-embarazo-en-costa-rica\\\/#breadcrumb\"},\"inLanguage\":\"en-US\",\"potentialAction\":[{\"@type\":\"ReadAction\",\"target\":[\"https:\\\/\\\/douglascedeno.com\\\/sesion-de-embarazo-en-costa-rica\\\/\"]}]},{\"@type\":\"ImageObject\",\"inLanguage\":\"en-US\",\"@id\":\"https:\\\/\\\/douglascedeno.com\\\/sesion-de-embarazo-en-costa-rica\\\/#primaryimage\",\"url\":\"https:\\\/\\\/douglascedeno.com\\\/wp-content\\\/uploads\\\/2026\\\/09\\\/Sesion-de-embarazo-sesion-fotografica-costa-rica-fotografo-de-embarazos-pictures-2.jpg\",\"contentUrl\":\"https:\\\/\\\/douglascedeno.com\\\/wp-content\\\/uploads\\\/2026\\\/09\\\/Sesion-de-embarazo-sesion-fotografica-costa-rica-fotografo-de-embarazos-pictures-2.jpg\",\"width\":2000,\"height\":1333},{\"@type\":\"BreadcrumbList\",\"@id\":\"https:\\\/\\\/douglascedeno.com\\\/sesion-de-embarazo-en-costa-rica\\\/#breadcrumb\",\"itemListElement\":[{\"@type\":\"ListItem\",\"position\":1,\"name\":\"Portada\",\"item\":\"https:\\\/\\\/douglascedeno.com\\\/\"},{\"@type\":\"ListItem\",\"position\":2,\"name\":\"Sesi\u00f3n de embarazo en Costa Rica\"}]},{\"@type\":\"WebSite\",\"@id\":\"https:\\\/\\\/douglascedeno.com\\\/#website\",\"url\":\"https:\\\/\\\/douglascedeno.com\\\/\",\"name\":\"Fot\u00f3grafo de bodas Costa Rica\",\"description\":\"Fot\u00f3grafo de bodas Costa Rica, fot\u00f3grafo profesional con mas de 10 a\u00f1os de experiencia \",\"potentialAction\":[{\"@type\":\"SearchAction\",\"target\":{\"@type\":\"EntryPoint\",\"urlTemplate\":\"https:\\\/\\\/douglascedeno.com\\\/?s={search_term_string}\"},\"query-input\":{\"@type\":\"PropertyValueSpecification\",\"valueRequired\":true,\"valueName\":\"search_term_string\"}}],\"inLanguage\":\"en-US\"},{\"@type\":\"Person\",\"@id\":\"https:\\\/\\\/douglascedeno.com\\\/#\\\/schema\\\/person\\\/f42d3725995ff0dad5ad148f84ae0e3b\",\"name\":\"admin\",\"image\":{\"@type\":\"ImageObject\",\"inLanguage\":\"en-US\",\"@id\":\"https:\\\/\\\/secure.gravatar.com\\\/avatar\\\/0b4112fa217a011dc4de24d168a5827633c6ac417ab3ed9cec4587b56ee29719?s=96&d=mm&r=g\",\"url\":\"https:\\\/\\\/secure.gravatar.com\\\/avatar\\\/0b4112fa217a011dc4de24d168a5827633c6ac417ab3ed9cec4587b56ee29719?s=96&d=mm&r=g\",\"contentUrl\":\"https:\\\/\\\/secure.gravatar.com\\\/avatar\\\/0b4112fa217a011dc4de24d168a5827633c6ac417ab3ed9cec4587b56ee29719?s=96&d=mm&r=g\",\"caption\":\"admin\"},\"sameAs\":[\"https:\\\/\\\/douglascedeno.com\"],\"url\":\"https:\\\/\\\/douglascedeno.com\\\/en\\\/author\\\/admin\\\/\"}]}<\/script>\n<!-- \/ Yoast SEO plugin. -->","yoast_head_json":{"title":"Sesi\u00f3n de Embarazo en Costa Rica","description":"Sesi\u00f3n de embarazo en Costa Rica realizada en las monta\u00f1as de Coronado. Fotograf\u00eda natural, atardeceres, mascotas y sesiones de fotos en lugares especiales.","robots":{"index":"index","follow":"follow","max-snippet":"max-snippet:-1","max-image-preview":"max-image-preview:large","max-video-preview":"max-video-preview:-1"},"canonical":"https:\/\/douglascedeno.com\/en\/sesion-de-embarazo-en-costa-rica\/","og_locale":"en_US","og_type":"article","og_title":"Sesi\u00f3n de Embarazo en Costa Rica","og_description":"Sesi\u00f3n de embarazo en Costa Rica realizada en las monta\u00f1as de Coronado. Fotograf\u00eda natural, atardeceres, mascotas y sesiones de fotos en lugares especiales.","og_url":"https:\/\/douglascedeno.com\/en\/sesion-de-embarazo-en-costa-rica\/","og_site_name":"Fot\u00f3grafo de bodas Costa Rica","article_published_time":"2026-09-05T21:46:35+00:00","article_modified_time":"2026-09-05T21:57:50+00:00","og_image":[{"width":2000,"height":1333,"url":"https:\/\/douglascedeno.com\/wp-content\/uploads\/2026\/09\/Sesion-de-embarazo-sesion-fotografica-costa-rica-fotografo-de-embarazos-pictures-2.jpg","type":"image\/jpeg"}],"author":"admin","twitter_card":"summary_large_image","twitter_misc":{"Written by":"admin","Est. reading time":"3 minutes"},"schema":{"@context":"https:\/\/schema.org","@graph":[{"@type":"Article","@id":"https:\/\/douglascedeno.com\/sesion-de-embarazo-en-costa-rica\/#article","isPartOf":{"@id":"https:\/\/douglascedeno.com\/sesion-de-embarazo-en-costa-rica\/"},"author":{"name":"admin","@id":"https:\/\/douglascedeno.com\/#\/schema\/person\/f42d3725995ff0dad5ad148f84ae0e3b"},"headline":"Sesi\u00f3n de embarazo en Costa Rica","datePublished":"2026-09-05T21:46:35+00:00","dateModified":"2026-09-05T21:57:50+00:00","mainEntityOfPage":{"@id":"https:\/\/douglascedeno.com\/sesion-de-embarazo-en-costa-rica\/"},"wordCount":627,"commentCount":0,"image":{"@id":"https:\/\/douglascedeno.com\/sesion-de-embarazo-en-costa-rica\/#primaryimage"},"thumbnailUrl":"https:\/\/douglascedeno.com\/wp-content\/uploads\/2026\/09\/Sesion-de-embarazo-sesion-fotografica-costa-rica-fotografo-de-embarazos-pictures-2.jpg","keywords":["costa rica","fot\u00f3grafo de embarazos","Sesion de embarazo","sesion fotografica"],"articleSection":["sesiones de embarazo","Sesiones familiares"],"inLanguage":"en-US","potentialAction":[{"@type":"CommentAction","name":"Comment","target":["https:\/\/douglascedeno.com\/sesion-de-embarazo-en-costa-rica\/#respond"]}]},{"@type":"WebPage","@id":"https:\/\/douglascedeno.com\/sesion-de-embarazo-en-costa-rica\/","url":"https:\/\/douglascedeno.com\/sesion-de-embarazo-en-costa-rica\/","name":"Sesi\u00f3n de Embarazo en Costa Rica","isPartOf":{"@id":"https:\/\/douglascedeno.com\/#website"},"primaryImageOfPage":{"@id":"https:\/\/douglascedeno.com\/sesion-de-embarazo-en-costa-rica\/#primaryimage"},"image":{"@id":"https:\/\/douglascedeno.com\/sesion-de-embarazo-en-costa-rica\/#primaryimage"},"thumbnailUrl":"https:\/\/douglascedeno.com\/wp-content\/uploads\/2026\/09\/Sesion-de-embarazo-sesion-fotografica-costa-rica-fotografo-de-embarazos-pictures-2.jpg","datePublished":"2026-09-05T21:46:35+00:00","dateModified":"2026-09-05T21:57:50+00:00","author":{"@id":"https:\/\/douglascedeno.com\/#\/schema\/person\/f42d3725995ff0dad5ad148f84ae0e3b"},"description":"Sesi\u00f3n de embarazo en Costa Rica realizada en las monta\u00f1as de Coronado. Fotograf\u00eda natural, atardeceres, mascotas y sesiones de fotos en lugares especiales.","breadcrumb":{"@id":"https:\/\/douglascedeno.com\/sesion-de-embarazo-en-costa-rica\/#breadcrumb"},"inLanguage":"en-US","potentialAction":[{"@type":"ReadAction","target":["https:\/\/douglascedeno.com\/sesion-de-embarazo-en-costa-rica\/"]}]},{"@type":"ImageObject","inLanguage":"en-US","@id":"https:\/\/douglascedeno.com\/sesion-de-embarazo-en-costa-rica\/#primaryimage","url":"https:\/\/douglascedeno.com\/wp-content\/uploads\/2026\/09\/Sesion-de-embarazo-sesion-fotografica-costa-rica-fotografo-de-embarazos-pictures-2.jpg","contentUrl":"https:\/\/douglascedeno.com\/wp-content\/uploads\/2026\/09\/Sesion-de-embarazo-sesion-fotografica-costa-rica-fotografo-de-embarazos-pictures-2.jpg","width":2000,"height":1333},{"@type":"BreadcrumbList","@id":"https:\/\/douglascedeno.com\/sesion-de-embarazo-en-costa-rica\/#breadcrumb","itemListElement":[{"@type":"ListItem","position":1,"name":"Portada","item":"https:\/\/douglascedeno.com\/"},{"@type":"ListItem","position":2,"name":"Sesi\u00f3n de embarazo en Costa Rica"}]},{"@type":"WebSite","@id":"https:\/\/douglascedeno.com\/#website","url":"https:\/\/douglascedeno.com\/","name":"Fot\u00f3grafo de bodas Costa Rica","description":"Fot\u00f3grafo de bodas Costa Rica, fot\u00f3grafo profesional con mas de 10 a\u00f1os de experiencia","potentialAction":[{"@type":"SearchAction","target":{"@type":"EntryPoint","urlTemplate":"https:\/\/douglascedeno.com\/?s={search_term_string}"},"query-input":{"@type":"PropertyValueSpecification","valueRequired":true,"valueName":"search_term_string"}}],"inLanguage":"en-US"},{"@type":"Person","@id":"https:\/\/douglascedeno.com\/#\/schema\/person\/f42d3725995ff0dad5ad148f84ae0e3b","name":"admin","image":{"@type":"ImageObject","inLanguage":"en-US","@id":"https:\/\/secure.gravatar.com\/avatar\/0b4112fa217a011dc4de24d168a5827633c6ac417ab3ed9cec4587b56ee29719?s=96&d=mm&r=g","url":"https:\/\/secure.gravatar.com\/avatar\/0b4112fa217a011dc4de24d168a5827633c6ac417ab3ed9cec4587b56ee29719?s=96&d=mm&r=g","contentUrl":"https:\/\/secure.gravatar.com\/avatar\/0b4112fa217a011dc4de24d168a5827633c6ac417ab3ed9cec4587b56ee29719?s=96&d=mm&r=g","caption":"admin"},"sameAs":["https:\/\/douglascedeno.com"],"url":"https:\/\/douglascedeno.com\/en\/author\/admin\/"}]}},"_links":{"self":[{"href":"https:\/\/douglascedeno.com\/en\/wp-json\/wp\/v2\/posts\/44039","targetHints":{"allow":["GET"]}}],"collection":[{"href":"https:\/\/douglascedeno.com\/en\/wp-json\/wp\/v2\/posts"}],"about":[{"href":"https:\/\/douglascedeno.com\/en\/wp-json\/wp\/v2\/types\/post"}],"author":[{"embeddable":true,"href":"https:\/\/douglascedeno.com\/en\/wp-json\/wp\/v2\/users\/1"}],"replies":[{"embeddable":true,"href":"https:\/\/douglascedeno.com\/en\/wp-json\/wp\/v2\/comments?post=44039"}],"version-history":[{"count":7,"href":"https:\/\/douglascedeno.com\/en\/wp-json\/wp\/v2\/posts\/44039\/revisions"}],"predecessor-version":[{"id":44076,"href":"https:\/\/douglascedeno.com\/en\/wp-json\/wp\/v2\/posts\/44039\/revisions\/44076"}],"wp:featuredmedia":[{"embeddable":true,"href":"https:\/\/douglascedeno.com\/en\/wp-json\/wp\/v2\/media\/44061"}],"wp:attachment":[{"href":"https:\/\/douglascedeno.com\/en\/wp-json\/wp\/v2\/media?parent=44039"}],"wp:term":[{"taxonomy":"category","embeddable":true,"href":"https:\/\/douglascedeno.com\/en\/wp-json\/wp\/v2\/categories?post=44039"},{"taxonomy":"post_tag","embeddable":true,"href":"https:\/\/douglascedeno.com\/en\/wp-json\/wp\/v2\/tags?post=44039"}],"curies":[{"name":"wp","href":"https:\/\/api.w.org\/{rel}","templated":true}]}}